{"id":9285,"date":"2022-11-26T14:38:00","date_gmt":"2022-11-26T14:38:00","guid":{"rendered":"https:\/\/periodismomachista.com\/no-son-interesantes-las-habilidades-domesticas-de-una-astronauta\/"},"modified":"2026-04-15T08:51:36","modified_gmt":"2026-04-15T08:51:36","slug":"no-son-interesantes-las-habilidades-domesticas-de-una-astronauta","status":"publish","type":"post","link":"https:\/\/periodismomachista.com\/eu\/no-son-interesantes-las-habilidades-domesticas-de-una-astronauta\/","title":{"rendered":"Sara Garc\u00eda, astronauta: \u201cMe gusta todo, desde cocinar y hacer \u2018crochet\u2019 hasta dise\u00f1ar mi ropa y mis muebles\u201d"},"content":{"rendered":"\r\n<p>El diario digital Nius public\u00f3 el pasado 26 de noviembre una entrevista con Sara Garc\u00eda, la primera mujer espa\u00f1ola que podr\u00eda pisar la Luna como miembro de reserva del cuerpo de astronautas de la Agencia Espacial Europea (ESA). Sin embargo, <strong>el titular que eligi\u00f3 para presentar la informaci\u00f3n fue machista y estereotipado<\/strong>.<\/p>\r\n\r\n\r\n\r\n<p>El titular dec\u00eda: \u201cSara Garc\u00eda, astronauta: \u2018Me gusta todo, desde cocinar y hacer \u2018crochet\u2019 hasta dise\u00f1ar mi ropa y mis muebles\u2019\u201d. Este enfoque es innecesario y reduccionista, ya que <strong>pone el \u00e9nfasis en los hobbies dom\u00e9sticos de la cient\u00edfica en lugar de en su trayectoria profesional<\/strong> y sus logros acad\u00e9micos, que es lo que le ha hecho conocida.<\/p>\r\n<p><blockquote class=\"twitter-tweet\" data-width=\"550\" data-dnt=\"true\"><p lang=\"es\" dir=\"ltr\">Y mira que Sara Garc\u00eda da respuestas interesantes, pero no, crochet y cocina, como mi abuela. <a href=\"https:\/\/t.co\/Vb6AU9PMG9\">pic.twitter.com\/Vb6AU9PMG9<\/a><\/p>&mdash; Ana Bel\u00e9n Gonz\u00e1lez \ud83e\udda2 (@Anabelenglez) <a href=\"https:\/\/twitter.com\/Anabelenglez\/status\/1596838967537958912?ref_src=twsrc%5Etfw\">November 27, 2022<\/a><\/blockquote><script async src=\"https:\/\/platform.twitter.com\/widgets.js\" charset=\"utf-8\"><\/script><\/p>\r\n\r\n\r\n\r\n<figure class=\"wp-block-embed is-type-rich is-provider-twitter wp-block-embed-twitter\"><\/figure>\r\n\r\n\r\n\r\n<p>Sara Garc\u00eda es licenciada en Biotecnolog\u00eda por la Universidad Aut\u00f3noma de Madrid, m\u00e1ster en Biolog\u00eda Molecular por el Centro Superior de Investigaciones Cient\u00edficas (CSIC) y doctora por el Centro Nacional de Investigaciones Oncol\u00f3gicas (CNIO), donde actualmente trabaja como investigadora postdoctoral. Forma parte del grupo <strong>seleccionado por la ESA entre m\u00e1s de 22.500 candidatas y candidatos<\/strong> para formar parte del cuerpo europeo de astronautas.<\/p>\r\n\r\n\r\n\r\n<p>La propia Sara Garc\u00eda se pronunci\u00f3 al respecto en una entrevista con el programa Hoy por Hoy de Cadena Ser, donde afirm\u00f3 que ella no hab\u00eda elegido ese titular y que le parec\u00eda \u201cdesafortunado\u201d. A\u00f1adi\u00f3 que entend\u00eda las cr\u00edticas y que <strong>le hubiera gustado que se hubiera puesto m\u00e1s \u00e9nfasis en su labor cient\u00edfica y en su pasi\u00f3n por el espacio<\/strong>.<\/p>\r\n\r\n\r\n\r\n<figure class=\"wp-block-embed is-type-rich is-provider-twitter wp-block-embed-twitter\">\r\n<div class=\"wp-block-embed__wrapper\">https:\/\/twitter.com\/su9000\/status\/1596875848371810305<\/div>\r\n<\/figure>\r\n\r\n\r\n\r\n<p>No obstante, tambi\u00e9n defendi\u00f3 su derecho a tener otras aficiones m\u00e1s all\u00e1 de su profesi\u00f3n. \u201cNo me averg\u00fcenzo ni me escondo de nada. <strong>Soy mujer, soy feminista y soy astronauta<\/strong>. Y me gusta todo, desde cocinar y hacer \u2018crochet\u2019 hasta dise\u00f1ar mi ropa y mis muebles\u201d, declar\u00f3.<\/p>\r\n\r\n\r\n\r\n<p>Asimismo, aprovech\u00f3 para enviar un mensaje a las ni\u00f1as y j\u00f3venes que quieran dedicarse a la ciencia o a cualquier otra disciplina tradicionalmente masculinizada. \u201cNo hay profesiones de hombres ni de mujeres. Hay profesiones para personas con talento, con ganas, con ilusi\u00f3n y con esfuerzo. Animaos porque la ciencia nos necesita\u201d, dijo.<\/p>\r\n\r\n\r\n\r\n<figure class=\"wp-block-embed is-type-rich is-provider-twitter wp-block-embed-twitter\">\r\n<div class=\"wp-block-embed__wrapper\">https:\/\/twitter.com\/Mr_daltonico\/status\/1596772346848718849<\/div>\r\n<\/figure>\r\n\r\n\r\n\r\n<h2 class=\"wp-block-heading\">La respuesta del autor<\/h2>\r\n\r\n\r\n\r\n<p>El redactor de Nius, Miguel Manso de Lucas, <a href=\"https:\/\/www.niusdiario.es\/sociedad\/igualdad\/20221203\/aclaracion-titular-desafortunado-astronauta-reaccion-posterior-twitter_18_08152014.html\">ha explicado<\/a> que su decisi\u00f3n sobre el titular estuvo basada estrictamente en criterios period\u00edsticos y que no vino condicionada por la orden de ning\u00fan superior. Ha afirmado que quer\u00eda destacar la gran curiosidad de Sara por todo tipo de actividades y c\u00f3mo hab\u00eda influido esto en su carrera profesional y en su car\u00e1cter.<\/p>\r\n\r\n\r\n\r\n<p>Ha se\u00f1alado que esa idea le interesaba mucho porque hab\u00eda publicado una semana antes un art\u00edculo sobre la mentalidad de la gente exitosa y los genios, donde se resaltaba que una nota com\u00fan a las personas exitosas es su curiosidad y su mente \u201cabierta a las experiencias\u201d. Ha a\u00f1adido que esa respuesta le result\u00f3 muy llamativa, diferente a otros titulares que hab\u00eda visto en d\u00edas previos, y que resum\u00eda muy bien lo que quer\u00eda contar.<\/p>\r\n\r\n\r\n\r\n<p>Manso de Lucas reconoce que &#8220;quiz\u00e1 el titular resultara algo equ\u00edvoco&#8221; para muchos lectores y lectoras y ha pedido disculpas &#8220;si Sara Garc\u00eda se ha sentido ofendida&#8221;. Tambi\u00e9n ha pedido disculpas &#8220;a quienes hayan entendido que ese titular resultaba machista&#8221;. <strong>Sin embargo, no ha modificado el titular.<\/strong><\/p>\r\n\r\n\r\n\r\n<figure class=\"wp-block-image size-full\"><img loading=\"lazy\" decoding=\"async\" width=\"2880\" height=\"15210\" class=\"wp-image-379\" src=\"https:\/\/periodismomachista.com\/wp-content\/uploads\/2023\/02\/astronauta-noticia-completa.png\" alt=\"\" srcset=\"https:\/\/periodismomachista.com\/wp-content\/uploads\/2023\/02\/astronauta-noticia-completa.png 2880w, https:\/\/periodismomachista.com\/wp-content\/uploads\/2023\/02\/astronauta-noticia-completa-57x300.png 57w, https:\/\/periodismomachista.com\/wp-content\/uploads\/2023\/02\/astronauta-noticia-completa-194x1024.png 194w, https:\/\/periodismomachista.com\/wp-content\/uploads\/2023\/02\/astronauta-noticia-completa-768x4056.png 768w, https:\/\/periodismomachista.com\/wp-content\/uploads\/2023\/02\/astronauta-noticia-completa-291x1536.png 291w, https:\/\/periodismomachista.com\/wp-content\/uploads\/2023\/02\/astronauta-noticia-completa-388x2048.png 388w, https:\/\/periodismomachista.com\/wp-content\/uploads\/2023\/02\/astronauta-noticia-completa-300x1584.png 300w, https:\/\/periodismomachista.com\/wp-content\/uploads\/2023\/02\/astronauta-noticia-completa-850x4489.png 850w\" sizes=\"auto, (max-width: 2880px) 100vw, 2880px\" \/><\/figure>\r\n","protected":false},"excerpt":{"rendered":"<p>El diario digital Nius public\u00f3 el pasado 26 de noviembre una entrevista con Sara Garc\u00eda, la primera mujer espa\u00f1ola que podr\u00eda pisar la Luna como miembro de reserva del cuerpo de astronautas de la Agencia Espacial Europea (ESA). Sin embargo, el titular que eligi\u00f3 para presentar la informaci\u00f3n fue machista y estereotipado. El titular dec\u00eda:&#8230;<\/p>\n","protected":false},"author":4,"featured_media":9421,"comment_status":"closed","ping_status":"closed","sticky":false,"template":"","format":"standard","meta":{"_acf_changed":false,"footnotes":""},"categories":[59],"tags":[],"corregida-en-el-medio":[116],"interseccionalidad":[],"seccion":[120],"tipo-de-machismo":[67,72],"class_list":["post-9285","post","type-post","status-publish","format-standard","has-post-thumbnail","hentry","category-noticias-machistas-eu","corregida-en-el-medio-corregida-eu","seccion-ciencia-y-tecnologia","tipo-de-machismo-objektibizazioa-eta-enfasia-azalekoan","tipo-de-machismo-emakumeen-lorpenak-ikusezin-bihurtzea-edo-minimizatzea"],"acf":[],"yoast_head":"<!-- This site is optimized with the Yoast SEO plugin v27.5 - https:\/\/yoast.com\/product\/yoast-seo-wordpress\/ -->\n<title>Sara Garc\u00eda, astronauta: \u201cMe gusta todo, desde cocinar y hacer \u2018crochet\u2019 hasta dise\u00f1ar mi ropa y mis muebles\u201d - Observatorio del Periodismo Machista<\/title>\n<meta name=\"robots\" content=\"index, follow, max-snippet:-1, max-image-preview:large, max-video-preview:-1\" \/>\n<link rel=\"canonical\" href=\"https:\/\/periodismomachista.com\/eu\/no-son-interesantes-las-habilidades-domesticas-de-una-astronauta\/\" \/>\n<meta property=\"og:locale\" content=\"eu_ES\" \/>\n<meta property=\"og:type\" content=\"article\" \/>\n<meta property=\"og:title\" content=\"Sara Garc\u00eda, astronauta: \u201cMe gusta todo, desde cocinar y hacer \u2018crochet\u2019 hasta dise\u00f1ar mi ropa y mis muebles\u201d - Observatorio del Periodismo Machista\" \/>\n<meta property=\"og:description\" content=\"El diario digital Nius public\u00f3 el pasado 26 de noviembre una entrevista con Sara Garc\u00eda, la primera mujer espa\u00f1ola que podr\u00eda pisar la Luna como miembro de reserva del cuerpo de astronautas de la Agencia Espacial Europea (ESA). Sin embargo, el titular que eligi\u00f3 para presentar la informaci\u00f3n fue machista y estereotipado. El titular dec\u00eda:...\" \/>\n<meta property=\"og:url\" content=\"https:\/\/periodismomachista.com\/eu\/no-son-interesantes-las-habilidades-domesticas-de-una-astronauta\/\" \/>\n<meta property=\"og:site_name\" content=\"Observatorio del Periodismo Machista\" \/>\n<meta property=\"article:published_time\" content=\"2022-11-26T14:38:00+00:00\" \/>\n<meta property=\"article:modified_time\" content=\"2026-04-15T08:51:36+00:00\" \/>\n<meta property=\"og:image\" content=\"https:\/\/periodismomachista.com\/wp-content\/uploads\/2022\/11\/astronauta-1.jpg\" \/>\n\t<meta property=\"og:image:width\" content=\"1080\" \/>\n\t<meta property=\"og:image:height\" content=\"1427\" \/>\n\t<meta property=\"og:image:type\" content=\"image\/jpeg\" \/>\n<meta name=\"author\" content=\"Nius\" \/>\n<meta name=\"twitter:card\" content=\"summary_large_image\" \/>\n<meta name=\"twitter:creator\" content=\"@pemachista\" \/>\n<meta name=\"twitter:site\" content=\"@pemachista\" \/>\n<meta name=\"twitter:label1\" content=\"Written by\" \/>\n\t<meta name=\"twitter:data1\" content=\"Nius\" \/>\n\t<meta name=\"twitter:label2\" content=\"Est. reading time\" \/>\n\t<meta name=\"twitter:data2\" content=\"3 minutes\" \/>\n<script type=\"application\/ld+json\" class=\"yoast-schema-graph\">{\"@context\":\"https:\\\/\\\/schema.org\",\"@graph\":[{\"@type\":\"Article\",\"@id\":\"https:\\\/\\\/periodismomachista.com\\\/eu\\\/no-son-interesantes-las-habilidades-domesticas-de-una-astronauta\\\/#article\",\"isPartOf\":{\"@id\":\"https:\\\/\\\/periodismomachista.com\\\/eu\\\/no-son-interesantes-las-habilidades-domesticas-de-una-astronauta\\\/\"},\"author\":{\"name\":\"Nius\",\"@id\":\"https:\\\/\\\/periodismomachista.com\\\/eu\\\/#\\\/schema\\\/person\\\/6b4804c7ebcaa5c6c9dc9e600fa88996\"},\"headline\":\"Sara Garc\u00eda, astronauta: \u201cMe gusta todo, desde cocinar y hacer \u2018crochet\u2019 hasta dise\u00f1ar mi ropa y mis muebles\u201d\",\"datePublished\":\"2022-11-26T14:38:00+00:00\",\"dateModified\":\"2026-04-15T08:51:36+00:00\",\"mainEntityOfPage\":{\"@id\":\"https:\\\/\\\/periodismomachista.com\\\/eu\\\/no-son-interesantes-las-habilidades-domesticas-de-una-astronauta\\\/\"},\"wordCount\":610,\"publisher\":{\"@id\":\"https:\\\/\\\/periodismomachista.com\\\/eu\\\/#organization\"},\"image\":{\"@id\":\"https:\\\/\\\/periodismomachista.com\\\/eu\\\/no-son-interesantes-las-habilidades-domesticas-de-una-astronauta\\\/#primaryimage\"},\"thumbnailUrl\":\"https:\\\/\\\/periodismomachista.com\\\/wp-content\\\/uploads\\\/2022\\\/11\\\/astronauta-1.jpg\",\"articleSection\":[\"EU Noticias machistas\"],\"inLanguage\":\"eu-ES\"},{\"@type\":\"WebPage\",\"@id\":\"https:\\\/\\\/periodismomachista.com\\\/eu\\\/no-son-interesantes-las-habilidades-domesticas-de-una-astronauta\\\/\",\"url\":\"https:\\\/\\\/periodismomachista.com\\\/eu\\\/no-son-interesantes-las-habilidades-domesticas-de-una-astronauta\\\/\",\"name\":\"Sara Garc\u00eda, astronauta: \u201cMe gusta todo, desde cocinar y hacer \u2018crochet\u2019 hasta dise\u00f1ar mi ropa y mis muebles\u201d - Observatorio del Periodismo Machista\",\"isPartOf\":{\"@id\":\"https:\\\/\\\/periodismomachista.com\\\/eu\\\/#website\"},\"primaryImageOfPage\":{\"@id\":\"https:\\\/\\\/periodismomachista.com\\\/eu\\\/no-son-interesantes-las-habilidades-domesticas-de-una-astronauta\\\/#primaryimage\"},\"image\":{\"@id\":\"https:\\\/\\\/periodismomachista.com\\\/eu\\\/no-son-interesantes-las-habilidades-domesticas-de-una-astronauta\\\/#primaryimage\"},\"thumbnailUrl\":\"https:\\\/\\\/periodismomachista.com\\\/wp-content\\\/uploads\\\/2022\\\/11\\\/astronauta-1.jpg\",\"datePublished\":\"2022-11-26T14:38:00+00:00\",\"dateModified\":\"2026-04-15T08:51:36+00:00\",\"breadcrumb\":{\"@id\":\"https:\\\/\\\/periodismomachista.com\\\/eu\\\/no-son-interesantes-las-habilidades-domesticas-de-una-astronauta\\\/#breadcrumb\"},\"inLanguage\":\"eu-ES\",\"potentialAction\":[{\"@type\":\"ReadAction\",\"target\":[\"https:\\\/\\\/periodismomachista.com\\\/eu\\\/no-son-interesantes-las-habilidades-domesticas-de-una-astronauta\\\/\"]}]},{\"@type\":\"ImageObject\",\"inLanguage\":\"eu-ES\",\"@id\":\"https:\\\/\\\/periodismomachista.com\\\/eu\\\/no-son-interesantes-las-habilidades-domesticas-de-una-astronauta\\\/#primaryimage\",\"url\":\"https:\\\/\\\/periodismomachista.com\\\/wp-content\\\/uploads\\\/2022\\\/11\\\/astronauta-1.jpg\",\"contentUrl\":\"https:\\\/\\\/periodismomachista.com\\\/wp-content\\\/uploads\\\/2022\\\/11\\\/astronauta-1.jpg\",\"width\":1080,\"height\":1427},{\"@type\":\"BreadcrumbList\",\"@id\":\"https:\\\/\\\/periodismomachista.com\\\/eu\\\/no-son-interesantes-las-habilidades-domesticas-de-una-astronauta\\\/#breadcrumb\",\"itemListElement\":[{\"@type\":\"ListItem\",\"position\":1,\"name\":\"Portada\",\"item\":\"https:\\\/\\\/periodismomachista.com\\\/eu\\\/\"},{\"@type\":\"ListItem\",\"position\":2,\"name\":\"Sara Garc\u00eda, astronauta: \u201cMe gusta todo, desde cocinar y hacer \u2018crochet\u2019 hasta dise\u00f1ar mi ropa y mis muebles\u201d\"}]},{\"@type\":\"WebSite\",\"@id\":\"https:\\\/\\\/periodismomachista.com\\\/eu\\\/#website\",\"url\":\"https:\\\/\\\/periodismomachista.com\\\/eu\\\/\",\"name\":\"Observatorio del Periodismo Machista\",\"description\":\"\",\"publisher\":{\"@id\":\"https:\\\/\\\/periodismomachista.com\\\/eu\\\/#organization\"},\"potentialAction\":[{\"@type\":\"SearchAction\",\"target\":{\"@type\":\"EntryPoint\",\"urlTemplate\":\"https:\\\/\\\/periodismomachista.com\\\/eu\\\/?s={search_term_string}\"},\"query-input\":{\"@type\":\"PropertyValueSpecification\",\"valueRequired\":true,\"valueName\":\"search_term_string\"}}],\"inLanguage\":\"eu-ES\"},{\"@type\":\"Organization\",\"@id\":\"https:\\\/\\\/periodismomachista.com\\\/eu\\\/#organization\",\"name\":\"Observatorio del Periodismo Machista\",\"url\":\"https:\\\/\\\/periodismomachista.com\\\/eu\\\/\",\"logo\":{\"@type\":\"ImageObject\",\"inLanguage\":\"eu-ES\",\"@id\":\"https:\\\/\\\/periodismomachista.com\\\/eu\\\/#\\\/schema\\\/logo\\\/image\\\/\",\"url\":\"https:\\\/\\\/periodismomachista.com\\\/wp-content\\\/uploads\\\/2024\\\/03\\\/ALTA-cuadradoOK-pmachista.png\",\"contentUrl\":\"https:\\\/\\\/periodismomachista.com\\\/wp-content\\\/uploads\\\/2024\\\/03\\\/ALTA-cuadradoOK-pmachista.png\",\"width\":838,\"height\":838,\"caption\":\"Observatorio del Periodismo Machista\"},\"image\":{\"@id\":\"https:\\\/\\\/periodismomachista.com\\\/eu\\\/#\\\/schema\\\/logo\\\/image\\\/\"},\"sameAs\":[\"https:\\\/\\\/x.com\\\/pemachista\",\"https:\\\/\\\/www.tiktok.com\\\/@periodismomachista\",\"https:\\\/\\\/www.instagram.com\\\/periodismomachista\"]},{\"@type\":\"Person\",\"@id\":\"https:\\\/\\\/periodismomachista.com\\\/eu\\\/#\\\/schema\\\/person\\\/6b4804c7ebcaa5c6c9dc9e600fa88996\",\"name\":\"Nius\",\"image\":{\"@type\":\"ImageObject\",\"inLanguage\":\"eu-ES\",\"@id\":\"https:\\\/\\\/periodismomachista.com\\\/wp-content\\\/uploads\\\/2024\\\/02\\\/nius-avatar-96x96.jpg\",\"url\":\"https:\\\/\\\/periodismomachista.com\\\/wp-content\\\/uploads\\\/2024\\\/02\\\/nius-avatar-96x96.jpg\",\"contentUrl\":\"https:\\\/\\\/periodismomachista.com\\\/wp-content\\\/uploads\\\/2024\\\/02\\\/nius-avatar-96x96.jpg\",\"caption\":\"Nius\"},\"url\":\"https:\\\/\\\/periodismomachista.com\\\/eu\\\/author\\\/nius\\\/\"}]}<\/script>\n<!-- \/ Yoast SEO plugin. -->","yoast_head_json":{"title":"Sara Garc\u00eda, astronauta: \u201cMe gusta todo, desde cocinar y hacer \u2018crochet\u2019 hasta dise\u00f1ar mi ropa y mis muebles\u201d - Observatorio del Periodismo Machista","robots":{"index":"index","follow":"follow","max-snippet":"max-snippet:-1","max-image-preview":"max-image-preview:large","max-video-preview":"max-video-preview:-1"},"canonical":"https:\/\/periodismomachista.com\/eu\/no-son-interesantes-las-habilidades-domesticas-de-una-astronauta\/","og_locale":"eu_ES","og_type":"article","og_title":"Sara Garc\u00eda, astronauta: \u201cMe gusta todo, desde cocinar y hacer \u2018crochet\u2019 hasta dise\u00f1ar mi ropa y mis muebles\u201d - Observatorio del Periodismo Machista","og_description":"El diario digital Nius public\u00f3 el pasado 26 de noviembre una entrevista con Sara Garc\u00eda, la primera mujer espa\u00f1ola que podr\u00eda pisar la Luna como miembro de reserva del cuerpo de astronautas de la Agencia Espacial Europea (ESA). Sin embargo, el titular que eligi\u00f3 para presentar la informaci\u00f3n fue machista y estereotipado. El titular dec\u00eda:...","og_url":"https:\/\/periodismomachista.com\/eu\/no-son-interesantes-las-habilidades-domesticas-de-una-astronauta\/","og_site_name":"Observatorio del Periodismo Machista","article_published_time":"2022-11-26T14:38:00+00:00","article_modified_time":"2026-04-15T08:51:36+00:00","og_image":[{"width":1080,"height":1427,"url":"https:\/\/periodismomachista.com\/wp-content\/uploads\/2022\/11\/astronauta-1.jpg","type":"image\/jpeg"}],"author":"Nius","twitter_card":"summary_large_image","twitter_creator":"@pemachista","twitter_site":"@pemachista","twitter_misc":{"Written by":"Nius","Est. reading time":"3 minutes"},"schema":{"@context":"https:\/\/schema.org","@graph":[{"@type":"Article","@id":"https:\/\/periodismomachista.com\/eu\/no-son-interesantes-las-habilidades-domesticas-de-una-astronauta\/#article","isPartOf":{"@id":"https:\/\/periodismomachista.com\/eu\/no-son-interesantes-las-habilidades-domesticas-de-una-astronauta\/"},"author":{"name":"Nius","@id":"https:\/\/periodismomachista.com\/eu\/#\/schema\/person\/6b4804c7ebcaa5c6c9dc9e600fa88996"},"headline":"Sara Garc\u00eda, astronauta: \u201cMe gusta todo, desde cocinar y hacer \u2018crochet\u2019 hasta dise\u00f1ar mi ropa y mis muebles\u201d","datePublished":"2022-11-26T14:38:00+00:00","dateModified":"2026-04-15T08:51:36+00:00","mainEntityOfPage":{"@id":"https:\/\/periodismomachista.com\/eu\/no-son-interesantes-las-habilidades-domesticas-de-una-astronauta\/"},"wordCount":610,"publisher":{"@id":"https:\/\/periodismomachista.com\/eu\/#organization"},"image":{"@id":"https:\/\/periodismomachista.com\/eu\/no-son-interesantes-las-habilidades-domesticas-de-una-astronauta\/#primaryimage"},"thumbnailUrl":"https:\/\/periodismomachista.com\/wp-content\/uploads\/2022\/11\/astronauta-1.jpg","articleSection":["EU Noticias machistas"],"inLanguage":"eu-ES"},{"@type":"WebPage","@id":"https:\/\/periodismomachista.com\/eu\/no-son-interesantes-las-habilidades-domesticas-de-una-astronauta\/","url":"https:\/\/periodismomachista.com\/eu\/no-son-interesantes-las-habilidades-domesticas-de-una-astronauta\/","name":"Sara Garc\u00eda, astronauta: \u201cMe gusta todo, desde cocinar y hacer \u2018crochet\u2019 hasta dise\u00f1ar mi ropa y mis muebles\u201d - Observatorio del Periodismo Machista","isPartOf":{"@id":"https:\/\/periodismomachista.com\/eu\/#website"},"primaryImageOfPage":{"@id":"https:\/\/periodismomachista.com\/eu\/no-son-interesantes-las-habilidades-domesticas-de-una-astronauta\/#primaryimage"},"image":{"@id":"https:\/\/periodismomachista.com\/eu\/no-son-interesantes-las-habilidades-domesticas-de-una-astronauta\/#primaryimage"},"thumbnailUrl":"https:\/\/periodismomachista.com\/wp-content\/uploads\/2022\/11\/astronauta-1.jpg","datePublished":"2022-11-26T14:38:00+00:00","dateModified":"2026-04-15T08:51:36+00:00","breadcrumb":{"@id":"https:\/\/periodismomachista.com\/eu\/no-son-interesantes-las-habilidades-domesticas-de-una-astronauta\/#breadcrumb"},"inLanguage":"eu-ES","potentialAction":[{"@type":"ReadAction","target":["https:\/\/periodismomachista.com\/eu\/no-son-interesantes-las-habilidades-domesticas-de-una-astronauta\/"]}]},{"@type":"ImageObject","inLanguage":"eu-ES","@id":"https:\/\/periodismomachista.com\/eu\/no-son-interesantes-las-habilidades-domesticas-de-una-astronauta\/#primaryimage","url":"https:\/\/periodismomachista.com\/wp-content\/uploads\/2022\/11\/astronauta-1.jpg","contentUrl":"https:\/\/periodismomachista.com\/wp-content\/uploads\/2022\/11\/astronauta-1.jpg","width":1080,"height":1427},{"@type":"BreadcrumbList","@id":"https:\/\/periodismomachista.com\/eu\/no-son-interesantes-las-habilidades-domesticas-de-una-astronauta\/#breadcrumb","itemListElement":[{"@type":"ListItem","position":1,"name":"Portada","item":"https:\/\/periodismomachista.com\/eu\/"},{"@type":"ListItem","position":2,"name":"Sara Garc\u00eda, astronauta: \u201cMe gusta todo, desde cocinar y hacer \u2018crochet\u2019 hasta dise\u00f1ar mi ropa y mis muebles\u201d"}]},{"@type":"WebSite","@id":"https:\/\/periodismomachista.com\/eu\/#website","url":"https:\/\/periodismomachista.com\/eu\/","name":"Observatorio del Periodismo Machista","description":"","publisher":{"@id":"https:\/\/periodismomachista.com\/eu\/#organization"},"potentialAction":[{"@type":"SearchAction","target":{"@type":"EntryPoint","urlTemplate":"https:\/\/periodismomachista.com\/eu\/?s={search_term_string}"},"query-input":{"@type":"PropertyValueSpecification","valueRequired":true,"valueName":"search_term_string"}}],"inLanguage":"eu-ES"},{"@type":"Organization","@id":"https:\/\/periodismomachista.com\/eu\/#organization","name":"Observatorio del Periodismo Machista","url":"https:\/\/periodismomachista.com\/eu\/","logo":{"@type":"ImageObject","inLanguage":"eu-ES","@id":"https:\/\/periodismomachista.com\/eu\/#\/schema\/logo\/image\/","url":"https:\/\/periodismomachista.com\/wp-content\/uploads\/2024\/03\/ALTA-cuadradoOK-pmachista.png","contentUrl":"https:\/\/periodismomachista.com\/wp-content\/uploads\/2024\/03\/ALTA-cuadradoOK-pmachista.png","width":838,"height":838,"caption":"Observatorio del Periodismo Machista"},"image":{"@id":"https:\/\/periodismomachista.com\/eu\/#\/schema\/logo\/image\/"},"sameAs":["https:\/\/x.com\/pemachista","https:\/\/www.tiktok.com\/@periodismomachista","https:\/\/www.instagram.com\/periodismomachista"]},{"@type":"Person","@id":"https:\/\/periodismomachista.com\/eu\/#\/schema\/person\/6b4804c7ebcaa5c6c9dc9e600fa88996","name":"Nius","image":{"@type":"ImageObject","inLanguage":"eu-ES","@id":"https:\/\/periodismomachista.com\/wp-content\/uploads\/2024\/02\/nius-avatar-96x96.jpg","url":"https:\/\/periodismomachista.com\/wp-content\/uploads\/2024\/02\/nius-avatar-96x96.jpg","contentUrl":"https:\/\/periodismomachista.com\/wp-content\/uploads\/2024\/02\/nius-avatar-96x96.jpg","caption":"Nius"},"url":"https:\/\/periodismomachista.com\/eu\/author\/nius\/"}]}},"_links":{"self":[{"href":"https:\/\/periodismomachista.com\/eu\/wp-json\/wp\/v2\/posts\/9285","targetHints":{"allow":["GET"]}}],"collection":[{"href":"https:\/\/periodismomachista.com\/eu\/wp-json\/wp\/v2\/posts"}],"about":[{"href":"https:\/\/periodismomachista.com\/eu\/wp-json\/wp\/v2\/types\/post"}],"author":[{"embeddable":true,"href":"https:\/\/periodismomachista.com\/eu\/wp-json\/wp\/v2\/users\/4"}],"replies":[{"embeddable":true,"href":"https:\/\/periodismomachista.com\/eu\/wp-json\/wp\/v2\/comments?post=9285"}],"version-history":[{"count":10,"href":"https:\/\/periodismomachista.com\/eu\/wp-json\/wp\/v2\/posts\/9285\/revisions"}],"predecessor-version":[{"id":12882,"href":"https:\/\/periodismomachista.com\/eu\/wp-json\/wp\/v2\/posts\/9285\/revisions\/12882"}],"wp:featuredmedia":[{"embeddable":true,"href":"https:\/\/periodismomachista.com\/eu\/wp-json\/wp\/v2\/media\/9421"}],"wp:attachment":[{"href":"https:\/\/periodismomachista.com\/eu\/wp-json\/wp\/v2\/media?parent=9285"}],"wp:term":[{"taxonomy":"category","embeddable":true,"href":"https:\/\/periodismomachista.com\/eu\/wp-json\/wp\/v2\/categories?post=9285"},{"taxonomy":"post_tag","embeddable":true,"href":"https:\/\/periodismomachista.com\/eu\/wp-json\/wp\/v2\/tags?post=9285"},{"taxonomy":"corregida-en-el-medio","embeddable":true,"href":"https:\/\/periodismomachista.com\/eu\/wp-json\/wp\/v2\/corregida-en-el-medio?post=9285"},{"taxonomy":"interseccionalidad","embeddable":true,"href":"https:\/\/periodismomachista.com\/eu\/wp-json\/wp\/v2\/interseccionalidad?post=9285"},{"taxonomy":"seccion","embeddable":true,"href":"https:\/\/periodismomachista.com\/eu\/wp-json\/wp\/v2\/seccion?post=9285"},{"taxonomy":"tipo-de-machismo","embeddable":true,"href":"https:\/\/periodismomachista.com\/eu\/wp-json\/wp\/v2\/tipo-de-machismo?post=9285"}],"curies":[{"name":"wp","href":"https:\/\/api.w.org\/{rel}","templated":true}]}}