{"id":11559,"date":"2017-05-17T11:57:54","date_gmt":"2017-05-17T11:57:54","guid":{"rendered":"https:\/\/periodismomachista.com\/el-pais-vasco-tiene-a-los-medicos-y-enfermeras-con-el-salario-mas-alto-de-toda-espana\/"},"modified":"2026-04-15T09:04:42","modified_gmt":"2026-04-15T09:04:42","slug":"el-pais-vasco-tiene-a-los-medicos-y-enfermeras-con-el-salario-mas-alto-de-toda-espana","status":"publish","type":"post","link":"https:\/\/periodismomachista.com\/eu\/el-pais-vasco-tiene-a-los-medicos-y-enfermeras-con-el-salario-mas-alto-de-toda-espana\/","title":{"rendered":"El Pa\u00eds Vasco tiene a los m\u00e9dicos y enfermeras con el salario m\u00e1s alto de toda Espa\u00f1a"},"content":{"rendered":"<p><img loading=\"lazy\" decoding=\"async\" class=\"alignnone size-full wp-image-9394\" src=\"https:\/\/periodismomachista.com\/wp-content\/uploads\/2024\/03\/medicos-y-enfermeras-2-1.png\" alt=\"\" width=\"1155\" height=\"4610\" srcset=\"https:\/\/periodismomachista.com\/wp-content\/uploads\/2024\/03\/medicos-y-enfermeras-2-1.png 1155w, https:\/\/periodismomachista.com\/wp-content\/uploads\/2024\/03\/medicos-y-enfermeras-2-1-75x300.png 75w\" sizes=\"auto, (max-width: 1155px) 100vw, 1155px\" \/><\/p>\n","protected":false},"excerpt":{"rendered":"","protected":false},"author":11,"featured_media":9461,"comment_status":"closed","ping_status":"closed","sticky":false,"template":"","format":"standard","meta":{"_acf_changed":false,"footnotes":""},"categories":[59],"tags":[],"corregida-en-el-medio":[108],"interseccionalidad":[],"seccion":[111],"tipo-de-machismo":[70],"class_list":["post-11559","post","type-post","status-publish","format-standard","has-post-thumbnail","hentry","category-noticias-machistas-eu","corregida-en-el-medio-no-corregida-eu","seccion-economia-y-trabajo-eu","tipo-de-machismo-genero-estereotipoak-indartzea"],"acf":[],"yoast_head":"<!-- This site is optimized with the Yoast SEO plugin v27.5 - https:\/\/yoast.com\/product\/yoast-seo-wordpress\/ -->\n<title>El Pa\u00eds Vasco tiene a los m\u00e9dicos y enfermeras con el salario m\u00e1s alto de toda Espa\u00f1a - Observatorio del Periodismo Machista<\/title>\n<meta name=\"description\" content=\"Tipo de machismo 5: Discriminaci\u00f3n por distorsi\u00f3n ling\u00fc\u00edstica.\" \/>\n<meta name=\"robots\" content=\"index, follow, max-snippet:-1, max-image-preview:large, max-video-preview:-1\" \/>\n<link rel=\"canonical\" href=\"https:\/\/periodismomachista.com\/eu\/el-pais-vasco-tiene-a-los-medicos-y-enfermeras-con-el-salario-mas-alto-de-toda-espana\/\" \/>\n<meta property=\"og:locale\" content=\"eu_ES\" \/>\n<meta property=\"og:type\" content=\"article\" \/>\n<meta property=\"og:title\" content=\"El Pa\u00eds Vasco tiene a los m\u00e9dicos y enfermeras con el salario m\u00e1s alto de toda Espa\u00f1a - Observatorio del Periodismo Machista\" \/>\n<meta property=\"og:description\" content=\"Tipo de machismo 5: Discriminaci\u00f3n por distorsi\u00f3n ling\u00fc\u00edstica.\" \/>\n<meta property=\"og:url\" content=\"https:\/\/periodismomachista.com\/eu\/el-pais-vasco-tiene-a-los-medicos-y-enfermeras-con-el-salario-mas-alto-de-toda-espana\/\" \/>\n<meta property=\"og:site_name\" content=\"Observatorio del Periodismo Machista\" \/>\n<meta property=\"article:published_time\" content=\"2017-05-17T11:57:54+00:00\" \/>\n<meta property=\"article:modified_time\" content=\"2026-04-15T09:04:42+00:00\" \/>\n<meta property=\"og:image\" content=\"https:\/\/periodismomachista.com\/wp-content\/uploads\/2017\/05\/medicos-y-enfermeras-1.jpeg\" \/>\n\t<meta property=\"og:image:width\" content=\"1080\" \/>\n\t<meta property=\"og:image:height\" content=\"1080\" \/>\n\t<meta property=\"og:image:type\" content=\"image\/jpeg\" \/>\n<meta name=\"author\" content=\"El Diario Vasco\" \/>\n<meta name=\"twitter:card\" content=\"summary_large_image\" \/>\n<meta name=\"twitter:creator\" content=\"@pemachista\" \/>\n<meta name=\"twitter:site\" content=\"@pemachista\" \/>\n<meta name=\"twitter:label1\" content=\"Written by\" \/>\n\t<meta name=\"twitter:data1\" content=\"El Diario Vasco\" \/>\n<script type=\"application\/ld+json\" class=\"yoast-schema-graph\">{\"@context\":\"https:\\\/\\\/schema.org\",\"@graph\":[{\"@type\":\"Article\",\"@id\":\"https:\\\/\\\/periodismomachista.com\\\/eu\\\/el-pais-vasco-tiene-a-los-medicos-y-enfermeras-con-el-salario-mas-alto-de-toda-espana\\\/#article\",\"isPartOf\":{\"@id\":\"https:\\\/\\\/periodismomachista.com\\\/eu\\\/el-pais-vasco-tiene-a-los-medicos-y-enfermeras-con-el-salario-mas-alto-de-toda-espana\\\/\"},\"author\":{\"name\":\"El Diario Vasco\",\"@id\":\"https:\\\/\\\/periodismomachista.com\\\/eu\\\/#\\\/schema\\\/person\\\/552b64bb8b5ef2f04ebac380c1b20109\"},\"headline\":\"El Pa\u00eds Vasco tiene a los m\u00e9dicos y enfermeras con el salario m\u00e1s alto de toda Espa\u00f1a\",\"datePublished\":\"2017-05-17T11:57:54+00:00\",\"dateModified\":\"2026-04-15T09:04:42+00:00\",\"mainEntityOfPage\":{\"@id\":\"https:\\\/\\\/periodismomachista.com\\\/eu\\\/el-pais-vasco-tiene-a-los-medicos-y-enfermeras-con-el-salario-mas-alto-de-toda-espana\\\/\"},\"wordCount\":21,\"publisher\":{\"@id\":\"https:\\\/\\\/periodismomachista.com\\\/eu\\\/#organization\"},\"image\":{\"@id\":\"https:\\\/\\\/periodismomachista.com\\\/eu\\\/el-pais-vasco-tiene-a-los-medicos-y-enfermeras-con-el-salario-mas-alto-de-toda-espana\\\/#primaryimage\"},\"thumbnailUrl\":\"https:\\\/\\\/periodismomachista.com\\\/wp-content\\\/uploads\\\/2017\\\/05\\\/medicos-y-enfermeras-1.jpeg\",\"articleSection\":[\"EU Noticias machistas\"],\"inLanguage\":\"eu-ES\"},{\"@type\":\"WebPage\",\"@id\":\"https:\\\/\\\/periodismomachista.com\\\/eu\\\/el-pais-vasco-tiene-a-los-medicos-y-enfermeras-con-el-salario-mas-alto-de-toda-espana\\\/\",\"url\":\"https:\\\/\\\/periodismomachista.com\\\/eu\\\/el-pais-vasco-tiene-a-los-medicos-y-enfermeras-con-el-salario-mas-alto-de-toda-espana\\\/\",\"name\":\"El Pa\u00eds Vasco tiene a los m\u00e9dicos y enfermeras con el salario m\u00e1s alto de toda Espa\u00f1a - Observatorio del Periodismo Machista\",\"isPartOf\":{\"@id\":\"https:\\\/\\\/periodismomachista.com\\\/eu\\\/#website\"},\"primaryImageOfPage\":{\"@id\":\"https:\\\/\\\/periodismomachista.com\\\/eu\\\/el-pais-vasco-tiene-a-los-medicos-y-enfermeras-con-el-salario-mas-alto-de-toda-espana\\\/#primaryimage\"},\"image\":{\"@id\":\"https:\\\/\\\/periodismomachista.com\\\/eu\\\/el-pais-vasco-tiene-a-los-medicos-y-enfermeras-con-el-salario-mas-alto-de-toda-espana\\\/#primaryimage\"},\"thumbnailUrl\":\"https:\\\/\\\/periodismomachista.com\\\/wp-content\\\/uploads\\\/2017\\\/05\\\/medicos-y-enfermeras-1.jpeg\",\"datePublished\":\"2017-05-17T11:57:54+00:00\",\"dateModified\":\"2026-04-15T09:04:42+00:00\",\"description\":\"Tipo de machismo 5: Discriminaci\u00f3n por distorsi\u00f3n ling\u00fc\u00edstica.\",\"breadcrumb\":{\"@id\":\"https:\\\/\\\/periodismomachista.com\\\/eu\\\/el-pais-vasco-tiene-a-los-medicos-y-enfermeras-con-el-salario-mas-alto-de-toda-espana\\\/#breadcrumb\"},\"inLanguage\":\"eu-ES\",\"potentialAction\":[{\"@type\":\"ReadAction\",\"target\":[\"https:\\\/\\\/periodismomachista.com\\\/eu\\\/el-pais-vasco-tiene-a-los-medicos-y-enfermeras-con-el-salario-mas-alto-de-toda-espana\\\/\"]}]},{\"@type\":\"ImageObject\",\"inLanguage\":\"eu-ES\",\"@id\":\"https:\\\/\\\/periodismomachista.com\\\/eu\\\/el-pais-vasco-tiene-a-los-medicos-y-enfermeras-con-el-salario-mas-alto-de-toda-espana\\\/#primaryimage\",\"url\":\"https:\\\/\\\/periodismomachista.com\\\/wp-content\\\/uploads\\\/2017\\\/05\\\/medicos-y-enfermeras-1.jpeg\",\"contentUrl\":\"https:\\\/\\\/periodismomachista.com\\\/wp-content\\\/uploads\\\/2017\\\/05\\\/medicos-y-enfermeras-1.jpeg\",\"width\":1080,\"height\":1080},{\"@type\":\"BreadcrumbList\",\"@id\":\"https:\\\/\\\/periodismomachista.com\\\/eu\\\/el-pais-vasco-tiene-a-los-medicos-y-enfermeras-con-el-salario-mas-alto-de-toda-espana\\\/#breadcrumb\",\"itemListElement\":[{\"@type\":\"ListItem\",\"position\":1,\"name\":\"Portada\",\"item\":\"https:\\\/\\\/periodismomachista.com\\\/eu\\\/\"},{\"@type\":\"ListItem\",\"position\":2,\"name\":\"El Pa\u00eds Vasco tiene a los m\u00e9dicos y enfermeras con el salario m\u00e1s alto de toda Espa\u00f1a\"}]},{\"@type\":\"WebSite\",\"@id\":\"https:\\\/\\\/periodismomachista.com\\\/eu\\\/#website\",\"url\":\"https:\\\/\\\/periodismomachista.com\\\/eu\\\/\",\"name\":\"Observatorio del Periodismo Machista\",\"description\":\"\",\"publisher\":{\"@id\":\"https:\\\/\\\/periodismomachista.com\\\/eu\\\/#organization\"},\"potentialAction\":[{\"@type\":\"SearchAction\",\"target\":{\"@type\":\"EntryPoint\",\"urlTemplate\":\"https:\\\/\\\/periodismomachista.com\\\/eu\\\/?s={search_term_string}\"},\"query-input\":{\"@type\":\"PropertyValueSpecification\",\"valueRequired\":true,\"valueName\":\"search_term_string\"}}],\"inLanguage\":\"eu-ES\"},{\"@type\":\"Organization\",\"@id\":\"https:\\\/\\\/periodismomachista.com\\\/eu\\\/#organization\",\"name\":\"Observatorio del Periodismo Machista\",\"url\":\"https:\\\/\\\/periodismomachista.com\\\/eu\\\/\",\"logo\":{\"@type\":\"ImageObject\",\"inLanguage\":\"eu-ES\",\"@id\":\"https:\\\/\\\/periodismomachista.com\\\/eu\\\/#\\\/schema\\\/logo\\\/image\\\/\",\"url\":\"https:\\\/\\\/periodismomachista.com\\\/wp-content\\\/uploads\\\/2024\\\/03\\\/ALTA-cuadradoOK-pmachista.png\",\"contentUrl\":\"https:\\\/\\\/periodismomachista.com\\\/wp-content\\\/uploads\\\/2024\\\/03\\\/ALTA-cuadradoOK-pmachista.png\",\"width\":838,\"height\":838,\"caption\":\"Observatorio del Periodismo Machista\"},\"image\":{\"@id\":\"https:\\\/\\\/periodismomachista.com\\\/eu\\\/#\\\/schema\\\/logo\\\/image\\\/\"},\"sameAs\":[\"https:\\\/\\\/x.com\\\/pemachista\",\"https:\\\/\\\/www.tiktok.com\\\/@periodismomachista\",\"https:\\\/\\\/www.instagram.com\\\/periodismomachista\"]},{\"@type\":\"Person\",\"@id\":\"https:\\\/\\\/periodismomachista.com\\\/eu\\\/#\\\/schema\\\/person\\\/552b64bb8b5ef2f04ebac380c1b20109\",\"name\":\"El Diario Vasco\",\"image\":{\"@type\":\"ImageObject\",\"inLanguage\":\"eu-ES\",\"@id\":\"https:\\\/\\\/periodismomachista.com\\\/wp-content\\\/uploads\\\/2024\\\/02\\\/diariovasco-avatar-96x96.jpg\",\"url\":\"https:\\\/\\\/periodismomachista.com\\\/wp-content\\\/uploads\\\/2024\\\/02\\\/diariovasco-avatar-96x96.jpg\",\"contentUrl\":\"https:\\\/\\\/periodismomachista.com\\\/wp-content\\\/uploads\\\/2024\\\/02\\\/diariovasco-avatar-96x96.jpg\",\"caption\":\"El Diario Vasco\"},\"url\":\"https:\\\/\\\/periodismomachista.com\\\/eu\\\/author\\\/diariovasco\\\/\"}]}<\/script>\n<!-- \/ Yoast SEO plugin. -->","yoast_head_json":{"title":"El Pa\u00eds Vasco tiene a los m\u00e9dicos y enfermeras con el salario m\u00e1s alto de toda Espa\u00f1a - Observatorio del Periodismo Machista","description":"Tipo de machismo 5: Discriminaci\u00f3n por distorsi\u00f3n ling\u00fc\u00edstica.","robots":{"index":"index","follow":"follow","max-snippet":"max-snippet:-1","max-image-preview":"max-image-preview:large","max-video-preview":"max-video-preview:-1"},"canonical":"https:\/\/periodismomachista.com\/eu\/el-pais-vasco-tiene-a-los-medicos-y-enfermeras-con-el-salario-mas-alto-de-toda-espana\/","og_locale":"eu_ES","og_type":"article","og_title":"El Pa\u00eds Vasco tiene a los m\u00e9dicos y enfermeras con el salario m\u00e1s alto de toda Espa\u00f1a - Observatorio del Periodismo Machista","og_description":"Tipo de machismo 5: Discriminaci\u00f3n por distorsi\u00f3n ling\u00fc\u00edstica.","og_url":"https:\/\/periodismomachista.com\/eu\/el-pais-vasco-tiene-a-los-medicos-y-enfermeras-con-el-salario-mas-alto-de-toda-espana\/","og_site_name":"Observatorio del Periodismo Machista","article_published_time":"2017-05-17T11:57:54+00:00","article_modified_time":"2026-04-15T09:04:42+00:00","og_image":[{"width":1080,"height":1080,"url":"https:\/\/periodismomachista.com\/wp-content\/uploads\/2017\/05\/medicos-y-enfermeras-1.jpeg","type":"image\/jpeg"}],"author":"El Diario Vasco","twitter_card":"summary_large_image","twitter_creator":"@pemachista","twitter_site":"@pemachista","twitter_misc":{"Written by":"El Diario Vasco"},"schema":{"@context":"https:\/\/schema.org","@graph":[{"@type":"Article","@id":"https:\/\/periodismomachista.com\/eu\/el-pais-vasco-tiene-a-los-medicos-y-enfermeras-con-el-salario-mas-alto-de-toda-espana\/#article","isPartOf":{"@id":"https:\/\/periodismomachista.com\/eu\/el-pais-vasco-tiene-a-los-medicos-y-enfermeras-con-el-salario-mas-alto-de-toda-espana\/"},"author":{"name":"El Diario Vasco","@id":"https:\/\/periodismomachista.com\/eu\/#\/schema\/person\/552b64bb8b5ef2f04ebac380c1b20109"},"headline":"El Pa\u00eds Vasco tiene a los m\u00e9dicos y enfermeras con el salario m\u00e1s alto de toda Espa\u00f1a","datePublished":"2017-05-17T11:57:54+00:00","dateModified":"2026-04-15T09:04:42+00:00","mainEntityOfPage":{"@id":"https:\/\/periodismomachista.com\/eu\/el-pais-vasco-tiene-a-los-medicos-y-enfermeras-con-el-salario-mas-alto-de-toda-espana\/"},"wordCount":21,"publisher":{"@id":"https:\/\/periodismomachista.com\/eu\/#organization"},"image":{"@id":"https:\/\/periodismomachista.com\/eu\/el-pais-vasco-tiene-a-los-medicos-y-enfermeras-con-el-salario-mas-alto-de-toda-espana\/#primaryimage"},"thumbnailUrl":"https:\/\/periodismomachista.com\/wp-content\/uploads\/2017\/05\/medicos-y-enfermeras-1.jpeg","articleSection":["EU Noticias machistas"],"inLanguage":"eu-ES"},{"@type":"WebPage","@id":"https:\/\/periodismomachista.com\/eu\/el-pais-vasco-tiene-a-los-medicos-y-enfermeras-con-el-salario-mas-alto-de-toda-espana\/","url":"https:\/\/periodismomachista.com\/eu\/el-pais-vasco-tiene-a-los-medicos-y-enfermeras-con-el-salario-mas-alto-de-toda-espana\/","name":"El Pa\u00eds Vasco tiene a los m\u00e9dicos y enfermeras con el salario m\u00e1s alto de toda Espa\u00f1a - Observatorio del Periodismo Machista","isPartOf":{"@id":"https:\/\/periodismomachista.com\/eu\/#website"},"primaryImageOfPage":{"@id":"https:\/\/periodismomachista.com\/eu\/el-pais-vasco-tiene-a-los-medicos-y-enfermeras-con-el-salario-mas-alto-de-toda-espana\/#primaryimage"},"image":{"@id":"https:\/\/periodismomachista.com\/eu\/el-pais-vasco-tiene-a-los-medicos-y-enfermeras-con-el-salario-mas-alto-de-toda-espana\/#primaryimage"},"thumbnailUrl":"https:\/\/periodismomachista.com\/wp-content\/uploads\/2017\/05\/medicos-y-enfermeras-1.jpeg","datePublished":"2017-05-17T11:57:54+00:00","dateModified":"2026-04-15T09:04:42+00:00","description":"Tipo de machismo 5: Discriminaci\u00f3n por distorsi\u00f3n ling\u00fc\u00edstica.","breadcrumb":{"@id":"https:\/\/periodismomachista.com\/eu\/el-pais-vasco-tiene-a-los-medicos-y-enfermeras-con-el-salario-mas-alto-de-toda-espana\/#breadcrumb"},"inLanguage":"eu-ES","potentialAction":[{"@type":"ReadAction","target":["https:\/\/periodismomachista.com\/eu\/el-pais-vasco-tiene-a-los-medicos-y-enfermeras-con-el-salario-mas-alto-de-toda-espana\/"]}]},{"@type":"ImageObject","inLanguage":"eu-ES","@id":"https:\/\/periodismomachista.com\/eu\/el-pais-vasco-tiene-a-los-medicos-y-enfermeras-con-el-salario-mas-alto-de-toda-espana\/#primaryimage","url":"https:\/\/periodismomachista.com\/wp-content\/uploads\/2017\/05\/medicos-y-enfermeras-1.jpeg","contentUrl":"https:\/\/periodismomachista.com\/wp-content\/uploads\/2017\/05\/medicos-y-enfermeras-1.jpeg","width":1080,"height":1080},{"@type":"BreadcrumbList","@id":"https:\/\/periodismomachista.com\/eu\/el-pais-vasco-tiene-a-los-medicos-y-enfermeras-con-el-salario-mas-alto-de-toda-espana\/#breadcrumb","itemListElement":[{"@type":"ListItem","position":1,"name":"Portada","item":"https:\/\/periodismomachista.com\/eu\/"},{"@type":"ListItem","position":2,"name":"El Pa\u00eds Vasco tiene a los m\u00e9dicos y enfermeras con el salario m\u00e1s alto de toda Espa\u00f1a"}]},{"@type":"WebSite","@id":"https:\/\/periodismomachista.com\/eu\/#website","url":"https:\/\/periodismomachista.com\/eu\/","name":"Observatorio del Periodismo Machista","description":"","publisher":{"@id":"https:\/\/periodismomachista.com\/eu\/#organization"},"potentialAction":[{"@type":"SearchAction","target":{"@type":"EntryPoint","urlTemplate":"https:\/\/periodismomachista.com\/eu\/?s={search_term_string}"},"query-input":{"@type":"PropertyValueSpecification","valueRequired":true,"valueName":"search_term_string"}}],"inLanguage":"eu-ES"},{"@type":"Organization","@id":"https:\/\/periodismomachista.com\/eu\/#organization","name":"Observatorio del Periodismo Machista","url":"https:\/\/periodismomachista.com\/eu\/","logo":{"@type":"ImageObject","inLanguage":"eu-ES","@id":"https:\/\/periodismomachista.com\/eu\/#\/schema\/logo\/image\/","url":"https:\/\/periodismomachista.com\/wp-content\/uploads\/2024\/03\/ALTA-cuadradoOK-pmachista.png","contentUrl":"https:\/\/periodismomachista.com\/wp-content\/uploads\/2024\/03\/ALTA-cuadradoOK-pmachista.png","width":838,"height":838,"caption":"Observatorio del Periodismo Machista"},"image":{"@id":"https:\/\/periodismomachista.com\/eu\/#\/schema\/logo\/image\/"},"sameAs":["https:\/\/x.com\/pemachista","https:\/\/www.tiktok.com\/@periodismomachista","https:\/\/www.instagram.com\/periodismomachista"]},{"@type":"Person","@id":"https:\/\/periodismomachista.com\/eu\/#\/schema\/person\/552b64bb8b5ef2f04ebac380c1b20109","name":"El Diario Vasco","image":{"@type":"ImageObject","inLanguage":"eu-ES","@id":"https:\/\/periodismomachista.com\/wp-content\/uploads\/2024\/02\/diariovasco-avatar-96x96.jpg","url":"https:\/\/periodismomachista.com\/wp-content\/uploads\/2024\/02\/diariovasco-avatar-96x96.jpg","contentUrl":"https:\/\/periodismomachista.com\/wp-content\/uploads\/2024\/02\/diariovasco-avatar-96x96.jpg","caption":"El Diario Vasco"},"url":"https:\/\/periodismomachista.com\/eu\/author\/diariovasco\/"}]}},"_links":{"self":[{"href":"https:\/\/periodismomachista.com\/eu\/wp-json\/wp\/v2\/posts\/11559","targetHints":{"allow":["GET"]}}],"collection":[{"href":"https:\/\/periodismomachista.com\/eu\/wp-json\/wp\/v2\/posts"}],"about":[{"href":"https:\/\/periodismomachista.com\/eu\/wp-json\/wp\/v2\/types\/post"}],"author":[{"embeddable":true,"href":"https:\/\/periodismomachista.com\/eu\/wp-json\/wp\/v2\/users\/11"}],"replies":[{"embeddable":true,"href":"https:\/\/periodismomachista.com\/eu\/wp-json\/wp\/v2\/comments?post=11559"}],"version-history":[{"count":2,"href":"https:\/\/periodismomachista.com\/eu\/wp-json\/wp\/v2\/posts\/11559\/revisions"}],"predecessor-version":[{"id":12965,"href":"https:\/\/periodismomachista.com\/eu\/wp-json\/wp\/v2\/posts\/11559\/revisions\/12965"}],"wp:featuredmedia":[{"embeddable":true,"href":"https:\/\/periodismomachista.com\/eu\/wp-json\/wp\/v2\/media\/9461"}],"wp:attachment":[{"href":"https:\/\/periodismomachista.com\/eu\/wp-json\/wp\/v2\/media?parent=11559"}],"wp:term":[{"taxonomy":"category","embeddable":true,"href":"https:\/\/periodismomachista.com\/eu\/wp-json\/wp\/v2\/categories?post=11559"},{"taxonomy":"post_tag","embeddable":true,"href":"https:\/\/periodismomachista.com\/eu\/wp-json\/wp\/v2\/tags?post=11559"},{"taxonomy":"corregida-en-el-medio","embeddable":true,"href":"https:\/\/periodismomachista.com\/eu\/wp-json\/wp\/v2\/corregida-en-el-medio?post=11559"},{"taxonomy":"interseccionalidad","embeddable":true,"href":"https:\/\/periodismomachista.com\/eu\/wp-json\/wp\/v2\/interseccionalidad?post=11559"},{"taxonomy":"seccion","embeddable":true,"href":"https:\/\/periodismomachista.com\/eu\/wp-json\/wp\/v2\/seccion?post=11559"},{"taxonomy":"tipo-de-machismo","embeddable":true,"href":"https:\/\/periodismomachista.com\/eu\/wp-json\/wp\/v2\/tipo-de-machismo?post=11559"}],"curies":[{"name":"wp","href":"https:\/\/api.w.org\/{rel}","templated":true}]}}